{"id":385,"date":"2025-12-19T16:33:25","date_gmt":"2025-12-19T15:33:25","guid":{"rendered":"https:\/\/www.salesianisantachiarapalermo.it\/?p=385"},"modified":"2025-12-19T16:41:20","modified_gmt":"2025-12-19T15:41:20","slug":"palermo-chiude-lanno-del-volontariato-2025-un-abbraccio-lungo-dodici-mesi","status":"publish","type":"post","link":"https:\/\/www.salesianisantachiarapalermo.it\/index.php\/2025\/12\/19\/palermo-chiude-lanno-del-volontariato-2025-un-abbraccio-lungo-dodici-mesi\/","title":{"rendered":"Palermo chiude l\u2019Anno del Volontariato 2025"},"content":{"rendered":"\n<figure class=\"wp-block-image size-large\"><img data-recalc-dims=\"1\" loading=\"lazy\" decoding=\"async\" width=\"1024\" height=\"768\" src=\"https:\/\/i0.wp.com\/www.salesianisantachiarapalermo.it\/wp-content\/uploads\/2025\/12\/486511670_1192819458877693_6134334825260188911_n.jpg?resize=1024%2C768&#038;ssl=1\" alt=\"\" class=\"wp-image-387\" srcset=\"https:\/\/i0.wp.com\/www.salesianisantachiarapalermo.it\/wp-content\/uploads\/2025\/12\/486511670_1192819458877693_6134334825260188911_n.jpg?resize=1024%2C768&amp;ssl=1 1024w, https:\/\/i0.wp.com\/www.salesianisantachiarapalermo.it\/wp-content\/uploads\/2025\/12\/486511670_1192819458877693_6134334825260188911_n.jpg?resize=300%2C225&amp;ssl=1 300w, https:\/\/i0.wp.com\/www.salesianisantachiarapalermo.it\/wp-content\/uploads\/2025\/12\/486511670_1192819458877693_6134334825260188911_n.jpg?resize=768%2C576&amp;ssl=1 768w, https:\/\/i0.wp.com\/www.salesianisantachiarapalermo.it\/wp-content\/uploads\/2025\/12\/486511670_1192819458877693_6134334825260188911_n.jpg?resize=1536%2C1152&amp;ssl=1 1536w, https:\/\/i0.wp.com\/www.salesianisantachiarapalermo.it\/wp-content\/uploads\/2025\/12\/486511670_1192819458877693_6134334825260188911_n.jpg?resize=1200%2C900&amp;ssl=1 1200w, https:\/\/i0.wp.com\/www.salesianisantachiarapalermo.it\/wp-content\/uploads\/2025\/12\/486511670_1192819458877693_6134334825260188911_n.jpg?w=2048&amp;ssl=1 2048w\" sizes=\"auto, (max-width: 709px) 85vw, (max-width: 909px) 67vw, (max-width: 1362px) 62vw, 840px\" \/><\/figure>\n\n\n\n<p>Si \u00e8 chiuso come si chiude un cerchio, con gratitudine e luce, l\u2019Anno in cui Palermo \u00e8 stata Citt\u00e0 Europea del Volontariato. Dodici mesi di gesti silenziosi e mani tese, di voci che si sono fatte coro, di strade che si sono riempite non solo di passi, ma di senso.<\/p>\n\n\n\n<p>\u00c8 stato un anno in cui la citt\u00e0 ha riscoperto la sua anima pi\u00f9 profonda: quella che accoglie, che ascolta, che si prende cura. Dalle periferie ai vicoli del centro, ogni quartiere ha raccontato una storia di impegno, di prossimit\u00e0, di speranza condivisa.<\/p>\n\n\n\n<p>Oltre 300 iniziative hanno dato forma a un mosaico di solidariet\u00e0: laboratori, incontri, feste di comunit\u00e0, progetti educativi e ambientali. Ma pi\u00f9 di tutto, Palermo ha costruito legami. Ha fatto del volontariato non solo un\u2019azione, ma un modo di abitare il tempo insieme.<\/p>\n\n\n\n<p>\u00abAbbiamo seminato futuro\u00bb, ha detto qualcuno durante la cerimonia conclusiva. E in effetti, ci\u00f2 che resta non \u00e8 solo il ricordo di un anno speciale, ma la certezza che ogni gesto gratuito \u00e8 un seme che continua a fiorire.<\/p>\n\n\n\n<p>L\u2019Anno del Volontariato si chiude, ma Palermo resta aperta: al dono, alla partecipazione, alla bellezza di sentirsi parte.<\/p>\n","protected":false},"excerpt":{"rendered":"<p>Si \u00e8 chiuso come si chiude un cerchio, con gratitudine e luce, l\u2019Anno in cui Palermo \u00e8 stata Citt\u00e0 Europea del Volontariato. Dodici mesi di gesti silenziosi e mani tese, di voci che si sono fatte coro, di strade che si sono riempite non solo di passi, ma di senso. \u00c8 stato un anno in &hellip; <a href=\"https:\/\/www.salesianisantachiarapalermo.it\/index.php\/2025\/12\/19\/palermo-chiude-lanno-del-volontariato-2025-un-abbraccio-lungo-dodici-mesi\/\" class=\"more-link\">Continue reading<span class=\"screen-reader-text\"> &#8220;Palermo chiude l\u2019Anno del Volontariato 2025&#8221;<\/span><\/a><\/p>\n","protected":false},"author":1,"featured_media":386,"comment_status":"closed","ping_status":"closed","sticky":false,"template":"","format":"standard","meta":{"_jetpack_newsletter_access":"","_jetpack_dont_email_post_to_subs":false,"_jetpack_newsletter_tier_id":0,"_jetpack_memberships_contains_paywalled_content":false,"_jetpack_memberships_contains_paid_content":false,"footnotes":""},"categories":[1],"tags":[],"class_list":["post-385","post","type-post","status-publish","format-standard","has-post-thumbnail","hentry","category-notizie"],"jetpack_sharing_enabled":true,"jetpack_featured_media_url":"https:\/\/i0.wp.com\/www.salesianisantachiarapalermo.it\/wp-content\/uploads\/2025\/12\/PA-capitale-volo-2025-e1766158624349.jpg?fit=1080%2C730&ssl=1","_links":{"self":[{"href":"https:\/\/www.salesianisantachiarapalermo.it\/index.php\/wp-json\/wp\/v2\/posts\/385","targetHints":{"allow":["GET"]}}],"collection":[{"href":"https:\/\/www.salesianisantachiarapalermo.it\/index.php\/wp-json\/wp\/v2\/posts"}],"about":[{"href":"https:\/\/www.salesianisantachiarapalermo.it\/index.php\/wp-json\/wp\/v2\/types\/post"}],"author":[{"embeddable":true,"href":"https:\/\/www.salesianisantachiarapalermo.it\/index.php\/wp-json\/wp\/v2\/users\/1"}],"replies":[{"embeddable":true,"href":"https:\/\/www.salesianisantachiarapalermo.it\/index.php\/wp-json\/wp\/v2\/comments?post=385"}],"version-history":[{"count":2,"href":"https:\/\/www.salesianisantachiarapalermo.it\/index.php\/wp-json\/wp\/v2\/posts\/385\/revisions"}],"predecessor-version":[{"id":394,"href":"https:\/\/www.salesianisantachiarapalermo.it\/index.php\/wp-json\/wp\/v2\/posts\/385\/revisions\/394"}],"wp:featuredmedia":[{"embeddable":true,"href":"https:\/\/www.salesianisantachiarapalermo.it\/index.php\/wp-json\/wp\/v2\/media\/386"}],"wp:attachment":[{"href":"https:\/\/www.salesianisantachiarapalermo.it\/index.php\/wp-json\/wp\/v2\/media?parent=385"}],"wp:term":[{"taxonomy":"category","embeddable":true,"href":"https:\/\/www.salesianisantachiarapalermo.it\/index.php\/wp-json\/wp\/v2\/categories?post=385"},{"taxonomy":"post_tag","embeddable":true,"href":"https:\/\/www.salesianisantachiarapalermo.it\/index.php\/wp-json\/wp\/v2\/tags?post=385"}],"curies":[{"name":"wp","href":"https:\/\/api.w.org\/{rel}","templated":true}]}}